{"id":855,"date":"2022-09-15T17:42:57","date_gmt":"2022-09-15T16:42:57","guid":{"rendered":"https:\/\/shunfukanlrk.wordpress.com\/?p=855"},"modified":"2022-09-15T17:42:57","modified_gmt":"2022-09-15T16:42:57","slug":"rentree-2022-2023","status":"publish","type":"post","link":"https:\/\/shunfukan.org\/index.php\/2022\/09\/15\/rentree-2022-2023\/","title":{"rendered":"Rentr\u00e9e 2022-2023 !"},"content":{"rendered":"\n<p class=\"has-text-align-justify wp-block-paragraph\">C&rsquo;est reparti pour une nouvelle saison ! Plusieurs \u00e9v\u00e9nements se sont d\u00e9roul\u00e9s en ce d\u00e9but de saison. Voici le retour en images !<\/p>\n\n\n\n<p class=\"wp-block-paragraph\"><strong>FORUM DES ASSOCIATIONS<\/strong><\/p>\n\n\n\n<p class=\"has-text-align-justify wp-block-paragraph\">Le Shun Fu Kan a tenu un stand au forum des associations du Relecq Kerhuon le 3 septembre, l&rsquo;occasion pour le club de faire d\u00e9couvrir l&rsquo;A\u00efkido aux locaux et d&rsquo;\u00e9changer avec les \u00e9lus ! Nous avons \u00e9galement r\u00e9alis\u00e9 une d\u00e9monstration \u00e0 11h avec pour objectif de montrer le d\u00e9roul\u00e9 d&rsquo;un cours (en tr\u00e8s condens\u00e9!) : assouplissement, techniques \u00e0 mains nues, armes, avec \u00e0 la fois des grad\u00e9s et des d\u00e9butants.<\/p>\n\n\n\n<p class=\"has-text-align-justify wp-block-paragraph\">Afin de pr\u00e9parer cette d\u00e9monstration, plusieurs adh\u00e9rents se sont retrouv\u00e9s au mois d&rsquo;ao\u00fbt afin de s&rsquo;\u00e9chauffer et de r\u00e9p\u00e9ter. Retrouvez sur Instagram un extrait en vid\u00e9o : <\/p>\n\n\n\n<figure class=\"wp-block-embed is-type-rich is-provider-instagram wp-block-embed-instagram\"><div class=\"wp-block-embed__wrapper\">\nhttps:\/\/www.instagram.com\/reel\/Ch6vnNXq6e2\/?hl=fr\n<\/div><\/figure>\n\n\n\n<figure class=\"wp-block-image aligncenter size-large\"><a href=\"https:\/\/shunfukan.org\/wp-content\/uploads\/2022\/09\/entrainement-forum-1.jpg\"><img decoding=\"async\" src=\"https:\/\/shunfukan.org\/wp-content\/uploads\/2022\/09\/entrainement-forum-1.jpg?w=525\" alt=\"\" class=\"wp-image-859\" \/><\/a><figcaption class=\"wp-element-caption\">Entrainement avant la d\u00e9monstration<\/figcaption><\/figure>\n\n\n\n<p class=\"has-text-align-justify wp-block-paragraph\">Jour J : Nous avons pu accueillir sur le stand de nombreuses personnes int\u00e9ress\u00e9es et\/ou curieuses ainsi que M. P\u00e9ron, maire du Relecq-Kerhuon et son \u00e9quipe.<\/p>\n\n\n\n<div class=\"wp-block-columns is-layout-flex wp-container-core-columns-is-layout-7387b849 wp-block-columns-is-layout-flex\">\n<div class=\"wp-block-column is-layout-flow wp-block-column-is-layout-flow\">\n<figure class=\"wp-block-image size-large\"><a href=\"https:\/\/shunfukan.org\/wp-content\/uploads\/2022\/09\/20220903_091519-1.jpg\"><img decoding=\"async\" src=\"https:\/\/shunfukan.org\/wp-content\/uploads\/2022\/09\/20220903_091519-1.jpg?w=1024\" alt=\"\" class=\"wp-image-862\" \/><\/a><\/figure>\n<\/div>\n<\/div>\n\n\n\n<figure class=\"wp-block-image size-large\"><a href=\"https:\/\/shunfukan.org\/wp-content\/uploads\/2022\/09\/20220903_112709-1-1.jpg\"><img decoding=\"async\" src=\"https:\/\/shunfukan.org\/wp-content\/uploads\/2022\/09\/20220903_112709-1-1.jpg?w=1024\" alt=\"\" class=\"wp-image-865\" \/><\/a><\/figure>\n\n\n\n<p class=\"wp-block-paragraph\">En coulisses avant la d\u00e9monstration : <\/p>\n\n\n\n<div class=\"wp-block-columns is-layout-flex wp-container-core-columns-is-layout-7387b849 wp-block-columns-is-layout-flex\">\n<div class=\"wp-block-column is-layout-flow wp-block-column-is-layout-flow\">\n<figure class=\"wp-block-image aligncenter size-large is-resized\"><a href=\"https:\/\/shunfukan.org\/wp-content\/uploads\/2022\/09\/20220903_105641-1-1.jpg\"><img loading=\"lazy\" decoding=\"async\" src=\"https:\/\/shunfukan.org\/wp-content\/uploads\/2022\/09\/20220903_105641-1-1.jpg?w=525\" alt=\"\" class=\"wp-image-874\" width=\"676\" height=\"380\" \/><\/a><figcaption class=\"wp-element-caption\">La fine \u00e9quipe \ud83d\ude42<\/figcaption><\/figure>\n<\/div>\n<\/div>\n\n\n\n<figure class=\"wp-block-embed aligncenter is-type-video is-provider-youtube wp-block-embed-youtube wp-embed-aspect-16-9 wp-has-aspect-ratio\"><div class=\"wp-block-embed__wrapper\">\n<iframe loading=\"lazy\" title=\"Forum des associations 2022\" width=\"500\" height=\"281\" src=\"https:\/\/www.youtube.com\/embed\/WOwsH8ZTzbE?list=PLWRvpWmWjsrtye8hoAEu0LQdBEUL_k3o7\" frameborder=\"0\" allow=\"accelerometer; autoplay; clipboard-write; encrypted-media; gyroscope; picture-in-picture; web-share\" referrerpolicy=\"strict-origin-when-cross-origin\" allowfullscreen><\/iframe>\n<\/div><figcaption class=\"wp-element-caption\">Extrait vid\u00e9o de la d\u00e9monstration d&rsquo;A\u00efkido au forum des associations 2022 du Relecq Kerhuon<\/figcaption><\/figure>\n\n\n\n<hr class=\"wp-block-separator has-alpha-channel-opacity\" \/>\n\n\n\n<p class=\"wp-block-paragraph\"><strong>NOUVEAUX TATAMIS !<\/strong><\/p>\n\n\n\n<p class=\"has-text-align-justify wp-block-paragraph\">De nouveaux tatamis ont \u00e9t\u00e9 install\u00e9s dans la salle de Kermadec. Un grand merci \u00e0 celles et ceux qui sont venus aider pour d\u00e9placer les anciens tatamis et faire le \u00ab\u00a0GRAND\u00a0\u00bb nettoyage ! <\/p>\n\n\n\n<figure class=\"wp-block-image size-large\"><a href=\"https:\/\/shunfukan.org\/wp-content\/uploads\/2022\/09\/20220905_122549-1.jpg\"><img decoding=\"async\" src=\"https:\/\/shunfukan.org\/wp-content\/uploads\/2022\/09\/20220905_122549-1-edited.jpg\" alt=\"\" class=\"wp-image-881\" \/><\/a><\/figure>\n\n\n\n<hr class=\"wp-block-separator has-alpha-channel-opacity\" \/>\n\n\n\n<p class=\"wp-block-paragraph\"><strong>REPRISE DES COURS ET PORTES OUVERTES<\/strong><\/p>\n\n\n\n<p class=\"has-text-align-justify wp-block-paragraph\">Le Shun Fu Kan a repris les cours (sur les nouveaux tatamis !) et a organis\u00e9 des portes ouvertes du 5 au 8 septembre, l&rsquo;occasion de faire d\u00e9couvrir, aux nouveaux pratiquants, l&rsquo;A\u00efkido et le club !<\/p>\n\n\n\n<figure class=\"wp-block-image size-large\"><a href=\"https:\/\/shunfukan.org\/wp-content\/uploads\/2022\/09\/po-lundi-1-1.png\"><img loading=\"lazy\" decoding=\"async\" width=\"1920\" height=\"1080\" src=\"https:\/\/shunfukan.org\/wp-content\/uploads\/2022\/09\/po-lundi-1-1.png?w=1024\" alt=\"\" class=\"wp-image-901\" srcset=\"https:\/\/shunfukan.org\/wp-content\/uploads\/2022\/09\/po-lundi-1-1.png 1920w, https:\/\/shunfukan.org\/wp-content\/uploads\/2022\/09\/po-lundi-1-1-600x338.png 600w, https:\/\/shunfukan.org\/wp-content\/uploads\/2022\/09\/po-lundi-1-1-300x169.png 300w, https:\/\/shunfukan.org\/wp-content\/uploads\/2022\/09\/po-lundi-1-1-1024x576.png 1024w, https:\/\/shunfukan.org\/wp-content\/uploads\/2022\/09\/po-lundi-1-1-768x432.png 768w, https:\/\/shunfukan.org\/wp-content\/uploads\/2022\/09\/po-lundi-1-1-1536x864.png 1536w\" sizes=\"auto, (max-width: 1920px) 100vw, 1920px\" \/><\/a><\/figure>\n\n\n\n<figure class=\"wp-block-image size-large\"><a href=\"https:\/\/shunfukan.org\/wp-content\/uploads\/2022\/09\/po-mardi-18h-1-1-1.png\"><img loading=\"lazy\" decoding=\"async\" width=\"1920\" height=\"1080\" src=\"https:\/\/shunfukan.org\/wp-content\/uploads\/2022\/09\/po-mardi-18h-1-1-1.png?w=1024\" alt=\"\" class=\"wp-image-903\" srcset=\"https:\/\/shunfukan.org\/wp-content\/uploads\/2022\/09\/po-mardi-18h-1-1-1.png 1920w, https:\/\/shunfukan.org\/wp-content\/uploads\/2022\/09\/po-mardi-18h-1-1-1-600x338.png 600w, https:\/\/shunfukan.org\/wp-content\/uploads\/2022\/09\/po-mardi-18h-1-1-1-300x169.png 300w, https:\/\/shunfukan.org\/wp-content\/uploads\/2022\/09\/po-mardi-18h-1-1-1-1024x576.png 1024w, https:\/\/shunfukan.org\/wp-content\/uploads\/2022\/09\/po-mardi-18h-1-1-1-768x432.png 768w, https:\/\/shunfukan.org\/wp-content\/uploads\/2022\/09\/po-mardi-18h-1-1-1-1536x864.png 1536w\" sizes=\"auto, (max-width: 1920px) 100vw, 1920px\" \/><\/a><\/figure>\n\n\n\n<figure class=\"wp-block-image size-large\"><a href=\"https:\/\/shunfukan.org\/wp-content\/uploads\/2022\/09\/po-mardi-armes-1.png\"><img loading=\"lazy\" decoding=\"async\" width=\"1920\" height=\"1080\" src=\"https:\/\/shunfukan.org\/wp-content\/uploads\/2022\/09\/po-mardi-armes-1.png?w=1024\" alt=\"\" class=\"wp-image-904\" srcset=\"https:\/\/shunfukan.org\/wp-content\/uploads\/2022\/09\/po-mardi-armes-1.png 1920w, https:\/\/shunfukan.org\/wp-content\/uploads\/2022\/09\/po-mardi-armes-1-600x338.png 600w, https:\/\/shunfukan.org\/wp-content\/uploads\/2022\/09\/po-mardi-armes-1-300x169.png 300w, https:\/\/shunfukan.org\/wp-content\/uploads\/2022\/09\/po-mardi-armes-1-1024x576.png 1024w, https:\/\/shunfukan.org\/wp-content\/uploads\/2022\/09\/po-mardi-armes-1-768x432.png 768w, https:\/\/shunfukan.org\/wp-content\/uploads\/2022\/09\/po-mardi-armes-1-1536x864.png 1536w\" sizes=\"auto, (max-width: 1920px) 100vw, 1920px\" \/><\/a><\/figure>\n\n\n\n<figure class=\"wp-block-image size-large\"><a href=\"https:\/\/shunfukan.org\/wp-content\/uploads\/2022\/09\/po-jeudi-1-1.png\"><img loading=\"lazy\" decoding=\"async\" width=\"1920\" height=\"1080\" src=\"https:\/\/shunfukan.org\/wp-content\/uploads\/2022\/09\/po-jeudi-1-1.png?w=1024\" alt=\"\" class=\"wp-image-905\" srcset=\"https:\/\/shunfukan.org\/wp-content\/uploads\/2022\/09\/po-jeudi-1-1.png 1920w, https:\/\/shunfukan.org\/wp-content\/uploads\/2022\/09\/po-jeudi-1-1-600x338.png 600w, https:\/\/shunfukan.org\/wp-content\/uploads\/2022\/09\/po-jeudi-1-1-300x169.png 300w, https:\/\/shunfukan.org\/wp-content\/uploads\/2022\/09\/po-jeudi-1-1-1024x576.png 1024w, https:\/\/shunfukan.org\/wp-content\/uploads\/2022\/09\/po-jeudi-1-1-768x432.png 768w, https:\/\/shunfukan.org\/wp-content\/uploads\/2022\/09\/po-jeudi-1-1-1536x864.png 1536w\" sizes=\"auto, (max-width: 1920px) 100vw, 1920px\" \/><\/a><\/figure>\n\n\n\n<p class=\"has-text-align-justify wp-block-paragraph\">Le t\u00e9l\u00e9gramme est venu \u00e9galement nous rencontrer \u00e0 l&rsquo;occasion de la reprise des cours et des portes ouvertes. <\/p>\n\n\n\n<figure class=\"wp-block-image size-large\"><a href=\"https:\/\/shunfukan.org\/wp-content\/uploads\/2022\/09\/l-aikido-art-martial-japonais-est-propose-par_6846899_676x450p.jpg\"><img loading=\"lazy\" decoding=\"async\" width=\"676\" height=\"450\" src=\"https:\/\/shunfukan.org\/wp-content\/uploads\/2022\/09\/l-aikido-art-martial-japonais-est-propose-par_6846899_676x450p.jpg?w=676\" alt=\"\" class=\"wp-image-894\" srcset=\"https:\/\/shunfukan.org\/wp-content\/uploads\/2022\/09\/l-aikido-art-martial-japonais-est-propose-par_6846899_676x450p.jpg 676w, https:\/\/shunfukan.org\/wp-content\/uploads\/2022\/09\/l-aikido-art-martial-japonais-est-propose-par_6846899_676x450p-600x399.jpg 600w, https:\/\/shunfukan.org\/wp-content\/uploads\/2022\/09\/l-aikido-art-martial-japonais-est-propose-par_6846899_676x450p-300x200.jpg 300w\" sizes=\"auto, (max-width: 676px) 100vw, 676px\" \/><\/a><figcaption class=\"wp-element-caption\">L&rsquo;A\u00eekido, art martial japonais est propos\u00e9 par l&rsquo;association Shunfukan au Relecq-Kerhuon (photo prise par Le T\u00e9l\u00e9gramme)<\/figcaption><\/figure>\n\n\n\n<div class=\"wp-block-buttons is-content-justification-center is-layout-flex wp-container-core-buttons-is-layout-3e41869c wp-block-buttons-is-layout-flex\">\n<div class=\"wp-block-button is-style-fill\"><a class=\"wp-block-button__link has-vivid-red-background-color has-background wp-element-button\" href=\"https:\/\/www.letelegramme.fr\/finistere\/le-relecq-kerhuon\/le-shun-fu-kan-reprend-les-entrainements-d-aikido-au-relecq-kerhuon-07-09-2022-13174802.php?fbclid=IwAR32ckgeFw5wiHE7EWPJD2-efilZCeKSXR5PRYzp34H2hndDMW-dAQucJfo\" target=\"_blank\" rel=\"noreferrer noopener\">Lire l&rsquo;article<\/a><\/div>\n<\/div>\n\n\n\n<p class=\"wp-block-paragraph\"><\/p>\n\n\n\n<hr class=\"wp-block-separator has-alpha-channel-opacity\" \/>\n\n\n\n<p class=\"has-text-align-justify wp-block-paragraph\">Si vous avez loup\u00e9 ces \u00e9v\u00e9nements et que vous \u00eates int\u00e9ress\u00e9 pour essayer et venir nous rencontrer,  vous pouvez test\u00e9 \u00e0 tout moment de l&rsquo;ann\u00e9e !<\/p>\n\n\n\n<p class=\"has-text-align-justify wp-block-paragraph\">Retrouvez-nous \u00e9galement sur les r\u00e9seaux sociaux !<\/p>\n\n\n\n<p class=\"wp-block-paragraph\"><\/p>\n","protected":false},"excerpt":{"rendered":"<p>C&rsquo;est reparti pour une nouvelle saison ! Plusieurs \u00e9v\u00e9nements se sont d\u00e9roul\u00e9s en ce d\u00e9but de saison. Voici le retour en images ! FORUM DES ASSOCIATIONS Le Shun Fu Kan a tenu un stand au forum des associations du Relecq Kerhuon le 3 septembre, l&rsquo;occasion pour le club de faire d\u00e9couvrir l&rsquo;A\u00efkido aux locaux et [&hellip;]<\/p>\n","protected":false},"author":2,"featured_media":894,"comment_status":"open","ping_status":"closed","sticky":false,"template":"","format":"standard","meta":{"site-sidebar-layout":"default","site-content-layout":"","ast-site-content-layout":"default","site-content-style":"default","site-sidebar-style":"default","ast-global-header-display":"","ast-banner-title-visibility":"","ast-main-header-display":"","ast-hfb-above-header-display":"","ast-hfb-below-header-display":"","ast-hfb-mobile-header-display":"","site-post-title":"","ast-breadcrumbs-content":"","ast-featured-img":"","footer-sml-layout":"","theme-transparent-header-meta":"","adv-header-id-meta":"","stick-header-meta":"","header-above-stick-meta":"","header-main-stick-meta":"","header-below-stick-meta":"","astra-migrate-meta-layouts":"default","ast-page-background-enabled":"default","ast-page-background-meta":{"desktop":{"background-color":"var(--ast-global-color-4)","background-image":"","background-repeat":"repeat","background-position":"center center","background-size":"auto","background-attachment":"scroll","background-type":"","background-media":"","overlay-type":"","overlay-color":"","overlay-opacity":"","overlay-gradient":""},"tablet":{"background-color":"","background-image":"","background-repeat":"repeat","background-position":"center center","background-size":"auto","background-attachment":"scroll","background-type":"","background-media":"","overlay-type":"","overlay-color":"","overlay-opacity":"","overlay-gradient":""},"mobile":{"background-color":"","background-image":"","background-repeat":"repeat","background-position":"center center","background-size":"auto","background-attachment":"scroll","background-type":"","background-media":"","overlay-type":"","overlay-color":"","overlay-opacity":"","overlay-gradient":""}},"ast-content-background-meta":{"desktop":{"background-color":"var(--ast-global-color-5)","background-image":"","background-repeat":"repeat","background-position":"center center","background-size":"auto","background-attachment":"scroll","background-type":"","background-media":"","overlay-type":"","overlay-color":"","overlay-opacity":"","overlay-gradient":""},"tablet":{"background-color":"var(--ast-global-color-5)","background-image":"","background-repeat":"repeat","background-position":"center center","background-size":"auto","background-attachment":"scroll","background-type":"","background-media":"","overlay-type":"","overlay-color":"","overlay-opacity":"","overlay-gradient":""},"mobile":{"background-color":"var(--ast-global-color-5)","background-image":"","background-repeat":"repeat","background-position":"center center","background-size":"auto","background-attachment":"scroll","background-type":"","background-media":"","overlay-type":"","overlay-color":"","overlay-opacity":"","overlay-gradient":""}},"footnotes":""},"categories":[4],"tags":[30,9,11,12,14,15,16,17,19,20],"class_list":["post-855","post","type-post","status-publish","format-standard","has-post-thumbnail","hentry","category-club","tag-30","tag-aikido","tag-art-martial","tag-brest","tag-budo","tag-confiance-en-soi","tag-ffaaa","tag-japon","tag-le-relecq-kerhuon","tag-shun-fu-kan"],"_links":{"self":[{"href":"https:\/\/shunfukan.org\/index.php\/wp-json\/wp\/v2\/posts\/855","targetHints":{"allow":["GET"]}}],"collection":[{"href":"https:\/\/shunfukan.org\/index.php\/wp-json\/wp\/v2\/posts"}],"about":[{"href":"https:\/\/shunfukan.org\/index.php\/wp-json\/wp\/v2\/types\/post"}],"author":[{"embeddable":true,"href":"https:\/\/shunfukan.org\/index.php\/wp-json\/wp\/v2\/users\/2"}],"replies":[{"embeddable":true,"href":"https:\/\/shunfukan.org\/index.php\/wp-json\/wp\/v2\/comments?post=855"}],"version-history":[{"count":0,"href":"https:\/\/shunfukan.org\/index.php\/wp-json\/wp\/v2\/posts\/855\/revisions"}],"wp:featuredmedia":[{"embeddable":true,"href":"https:\/\/shunfukan.org\/index.php\/wp-json\/wp\/v2\/media\/894"}],"wp:attachment":[{"href":"https:\/\/shunfukan.org\/index.php\/wp-json\/wp\/v2\/media?parent=855"}],"wp:term":[{"taxonomy":"category","embeddable":true,"href":"https:\/\/shunfukan.org\/index.php\/wp-json\/wp\/v2\/categories?post=855"},{"taxonomy":"post_tag","embeddable":true,"href":"https:\/\/shunfukan.org\/index.php\/wp-json\/wp\/v2\/tags?post=855"}],"curies":[{"name":"wp","href":"https:\/\/api.w.org\/{rel}","templated":true}]}}